{"id":324,"date":"2021-10-19T14:53:23","date_gmt":"2021-10-19T14:53:23","guid":{"rendered":"https:\/?p=324"},"modified":"2021-11-29T14:48:03","modified_gmt":"2021-11-29T14:48:03","slug":"nuova-crema-siero-concentrata-allacido-ialuronico","status":"publish","type":"post","link":"https:\/\/esteticadolce.it\/?p=324","title":{"rendered":"Nuova Crema\/Siero concentrata all&#8217;Acido Ialuronico"},"content":{"rendered":"\n<p>Siamo lieti di presentare l&#8217;ultima &#8220;chicca&#8221; dei nostri laboratori, per quanto riguarda le CREME DI ULTIMA GENERAZIONE per la bellezza della pelle del viso.<\/p>\n\n\n\n<p>Questa deliziosa <a href=\"https:\/?product=crema-allacido-ialuronico\" rel=\"nofollow\">crema fluida \u00e8 un&#8217;antiet\u00e0 ricca di Acido Ialuronico<\/a> (complesso salificato) in associazione con Amminoacidi, Polisaccaridi, Alfa-Idrossiacidi, Proteine del Grano Idrolizzate, Estratto di Equiseto e Vitamine E.<\/p>\n\n\n\n<h4 class=\"wp-block-heading\">Questo eccezionale mix di ingredienti selezionati permette di<strong> attivare un&#8217;intensa azione ringiovanente e superidratate<\/strong> necessaria per ostacolare la comparsa delle rughe ed attenuare visibilmente quelle esistenti.<\/h4>\n\n\n\n<p>Come sappiamo l&#8217;Acido Ialuronico \u00e8 gia impiegato con successo nella medicina estetica; caratteristica di questo polimero \u00e8<strong> la sua capacit\u00e0 di legare reversibilmente una grande quantit\u00e0 di molecole d&#8217;acqua alla superficie cutanea.<\/strong><br>&nbsp;<\/p>\n\n\n\n<p>L&#8217; acido jaluronico si trova come costituente fisiologico della sostanza base extra cellulare del tessuto<br>connettivo.<br>&nbsp;<\/p>\n\n\n\n<p>Sulla superficie cutanea, l&#8217;acido jaluronico forma un film sottile, invisibile, trasparente e viscoelastico.<br>Questa pellicola fissa l&#8217;umidit\u00e0 sulla pelle in maniera simile a quanto l&#8217;acido jaluronico fa nella sostanza<br>base del tessuto connettivo. Associato ad altri attivi quali il collageno vegetale, principi attivi<br>antiossidanti, l&#8217;acidi jaluronico grazie anche all&#8217;effetto filler, svolge un&#8217;intensa azione ringiovanente<br>antirughe e idratante.<br>&nbsp;<\/p>\n\n\n\n<p>Dopo pochi giorni di applicazione si notano i primi effetti benefici e si attenuano in modo considerevole rughe e rilassamento cutaneo.<\/p>\n\n\n\n<p><br>E&#8217; anche dimostrato che l&#8217;acido jaluronico svolge un&#8217; effetto protettivo rispetto alle aggressioni cutanee<br>quali l&#8217;irraggiamento UV, a sostanze chimiche irritanti ed altri inquinamenti che si trovano<br>nell&#8217;ambiente, questi ultimi, fattori aggravanti di un rapido invecchiamento cutaneo.<\/p>\n\n\n\n<figure class=\"wp-block-image size-large is-resized\"><img loading=\"lazy\" decoding=\"async\" src=\"https:\/\/esteticadolce.it\/wp-content\/uploads\/2021\/11\/Cachi-Art-Deco-Sperimentale-Sito-Web-di-Moda-2-copia-1024x493.png\" alt=\"\" class=\"wp-image-564\" width=\"825\" height=\"397\" srcset=\"https:\/\/esteticadolce.it\/wp-content\/uploads\/2021\/11\/Cachi-Art-Deco-Sperimentale-Sito-Web-di-Moda-2-copia-1024x493.png 1024w, https:\/\/esteticadolce.it\/wp-content\/uploads\/2021\/11\/Cachi-Art-Deco-Sperimentale-Sito-Web-di-Moda-2-copia-300x144.png 300w, https:\/\/esteticadolce.it\/wp-content\/uploads\/2021\/11\/Cachi-Art-Deco-Sperimentale-Sito-Web-di-Moda-2-copia-768x370.png 768w, https:\/\/esteticadolce.it\/wp-content\/uploads\/2021\/11\/Cachi-Art-Deco-Sperimentale-Sito-Web-di-Moda-2-copia-125x60.png 125w, https:\/\/esteticadolce.it\/wp-content\/uploads\/2021\/11\/Cachi-Art-Deco-Sperimentale-Sito-Web-di-Moda-2-copia-1320x636.png 1320w, https:\/\/esteticadolce.it\/wp-content\/uploads\/2021\/11\/Cachi-Art-Deco-Sperimentale-Sito-Web-di-Moda-2-copia-800x385.png 800w, https:\/\/esteticadolce.it\/wp-content\/uploads\/2021\/11\/Cachi-Art-Deco-Sperimentale-Sito-Web-di-Moda-2-copia.png 1350w\" sizes=\"auto, (max-width: 825px) 100vw, 825px\" \/><\/figure>\n","protected":false},"excerpt":{"rendered":"<p>Siamo lieti di presentare l&#8217;ultima &#8220;chicca&#8221; dei nostri laboratori, per quanto riguarda le CREME DI ULTIMA GENERAZIONE per la bellezza della pelle del viso. Questa &hellip; <\/p>\n","protected":false},"author":1,"featured_media":325,"comment_status":"open","ping_status":"open","sticky":false,"template":"","format":"standard","meta":{"om_disable_all_campaigns":false,"_monsterinsights_skip_tracking":false,"_monsterinsights_sitenote_active":false,"_monsterinsights_sitenote_note":"","_monsterinsights_sitenote_category":0,"footnotes":""},"categories":[25],"tags":[],"class_list":["post-324","post","type-post","status-publish","format-standard","has-post-thumbnail","hentry","category-cosmetici"],"aioseo_notices":[],"jetpack_featured_media_url":"https:\/\/esteticadolce.it\/wp-content\/uploads\/2021\/10\/ibisco-crema-allacido-ialuronico-30ml..jpg","_links":{"self":[{"href":"https:\/\/esteticadolce.it\/index.php?rest_route=\/wp\/v2\/posts\/324","targetHints":{"allow":["GET"]}}],"collection":[{"href":"https:\/\/esteticadolce.it\/index.php?rest_route=\/wp\/v2\/posts"}],"about":[{"href":"https:\/\/esteticadolce.it\/index.php?rest_route=\/wp\/v2\/types\/post"}],"author":[{"embeddable":true,"href":"https:\/\/esteticadolce.it\/index.php?rest_route=\/wp\/v2\/users\/1"}],"replies":[{"embeddable":true,"href":"https:\/\/esteticadolce.it\/index.php?rest_route=%2Fwp%2Fv2%2Fcomments&post=324"}],"version-history":[{"count":4,"href":"https:\/\/esteticadolce.it\/index.php?rest_route=\/wp\/v2\/posts\/324\/revisions"}],"predecessor-version":[{"id":766,"href":"https:\/\/esteticadolce.it\/index.php?rest_route=\/wp\/v2\/posts\/324\/revisions\/766"}],"wp:featuredmedia":[{"embeddable":true,"href":"https:\/\/esteticadolce.it\/index.php?rest_route=\/wp\/v2\/media\/325"}],"wp:attachment":[{"href":"https:\/\/esteticadolce.it\/index.php?rest_route=%2Fwp%2Fv2%2Fmedia&parent=324"}],"wp:term":[{"taxonomy":"category","embeddable":true,"href":"https:\/\/esteticadolce.it\/index.php?rest_route=%2Fwp%2Fv2%2Fcategories&post=324"},{"taxonomy":"post_tag","embeddable":true,"href":"https:\/\/esteticadolce.it\/index.php?rest_route=%2Fwp%2Fv2%2Ftags&post=324"}],"curies":[{"name":"wp","href":"https:\/\/api.w.org\/{rel}","templated":true}]}}