{"id":1285,"date":"2025-10-15T09:54:33","date_gmt":"2025-10-15T09:54:33","guid":{"rendered":"https:\/\/esteticadolce.it\/?p=1285"},"modified":"2025-10-15T10:02:24","modified_gmt":"2025-10-15T10:02:24","slug":"estetica-dolce-incontra-la-biodinamica","status":"publish","type":"post","link":"https:\/\/esteticadolce.it\/?p=1285","title":{"rendered":"Estetica Dolce incontra la Biodinamica"},"content":{"rendered":"\n<p><\/p>\n\n\n\n<p>Le intuizioni di Gianfranco Bianchi, fondatore dell&#8217;Ibisco Estetica dolce <a href=\"https:\/\/esteticadolce.it\/?page_id=240\" target=\"_blank\" rel=\"noopener\" title=\"\">(vedi &#8220;per conoscerci&#8221; cliccando qui)<\/a> erano all&#8217;avanguardia gi\u00e0 20 anni fa. <\/p>\n\n\n\n<p>Una delle discipline bio-naturali pi\u00f9 moderna ed in costante evoluzione \u00e8 la <\/p>\n\n\n\n<h3 class=\"wp-block-heading has-text-align-center\">BIODINAMICA CRANIOSACRALE abbinata alla MINDFULLNESS<\/h3>\n\n\n\n<p>disciplina molto affascinante e profonda in continuo sviluppo grazie alle recenti teorie nell&#8217; ambito della risoluzione dei traumi, ed alle recenti scoperte nel territorio della neuro-biologia, dell&#8217;embriologia, e sui temi del prenatale e del perinatale.  <\/p>\n\n\n\n<p>La Biodinamica Craniosacrale, nello specifico, si basa sull&#8217;ascolto rispettoso e centrato, da parte dell&#8217;operatore, del corpo di un ricevente, e con un contatto dolce, accogliente e ricettivo, dei suoi movimenti sottili;  si occupa di favorire l&#8217;autoregolazione e il riequilibrio del sistema corporeo del ricevente, possibilit\u00e0 che il corpo umano ha gi\u00e0 insita nella propria natura.<\/p>\n\n\n\n<p>Negli articoli scritti circa 20 anni fa da Gianfranco ( <a href=\"https:\/\/esteticadolce.it\/?page_id=78\" target=\"_blank\" rel=\"noopener\" title=\"\">leggi la sezione &#8220;Cosa \u00e8 l&#8217;Estetica dolce&#8221; su questo sito cliccano qui<\/a>) si possono intuire come l&#8217;orientamento dell&#8217;Estetica Dolce fossero gi\u00e0 in realt\u00e0 in risonanza con tali discipline , e come l&#8217;Estetica Dolce fosse in realt\u00e0 gi\u00e0 &#8220;biodinamica&#8221;.<\/p>\n\n\n\n<p>Per noi oggi \u00e8 molto semplice integrare nel nostro modo di affrontare e proporre all&#8217;estetista la metodologia di lavoro &#8220;estetico&#8221; integrando i principi e le proposte della Biodinamica. Dobbiamo ringraziare profondamente Gianfranco per il patrimonio che ci ha lasciato, ancora, purtroppo, poco conosciuto.<\/p>\n\n\n\n<figure class=\"wp-block-gallery has-nested-images columns-default is-cropped wp-block-gallery-1 is-layout-flex wp-block-gallery-is-layout-flex\">\n<figure class=\"wp-block-image size-large\"><img loading=\"lazy\" decoding=\"async\" width=\"800\" height=\"682\" data-id=\"1287\" src=\"https:\/\/esteticadolce.it\/wp-content\/uploads\/2025\/10\/posizione-3-bassa.jpg\" alt=\"\" class=\"wp-image-1287\" srcset=\"https:\/\/esteticadolce.it\/wp-content\/uploads\/2025\/10\/posizione-3-bassa.jpg 800w, https:\/\/esteticadolce.it\/wp-content\/uploads\/2025\/10\/posizione-3-bassa-300x256.jpg 300w, https:\/\/esteticadolce.it\/wp-content\/uploads\/2025\/10\/posizione-3-bassa-768x655.jpg 768w\" sizes=\"auto, (max-width: 800px) 100vw, 800px\" \/><\/figure>\n\n\n\n<figure class=\"wp-block-image size-large\"><img loading=\"lazy\" decoding=\"async\" width=\"900\" height=\"628\" data-id=\"1288\" src=\"https:\/\/esteticadolce.it\/wp-content\/uploads\/2025\/10\/posizione-2-bassa.jpg\" alt=\"\" class=\"wp-image-1288\" srcset=\"https:\/\/esteticadolce.it\/wp-content\/uploads\/2025\/10\/posizione-2-bassa.jpg 900w, https:\/\/esteticadolce.it\/wp-content\/uploads\/2025\/10\/posizione-2-bassa-300x209.jpg 300w, https:\/\/esteticadolce.it\/wp-content\/uploads\/2025\/10\/posizione-2-bassa-768x536.jpg 768w, https:\/\/esteticadolce.it\/wp-content\/uploads\/2025\/10\/posizione-2-bassa-800x558.jpg 800w\" sizes=\"auto, (max-width: 900px) 100vw, 900px\" \/><\/figure>\n\n\n\n<figure class=\"wp-block-image size-large\"><img loading=\"lazy\" decoding=\"async\" width=\"700\" height=\"491\" data-id=\"1289\" src=\"https:\/\/esteticadolce.it\/wp-content\/uploads\/2025\/10\/posizione-1-bassa.jpg\" alt=\"\" class=\"wp-image-1289\" srcset=\"https:\/\/esteticadolce.it\/wp-content\/uploads\/2025\/10\/posizione-1-bassa.jpg 700w, https:\/\/esteticadolce.it\/wp-content\/uploads\/2025\/10\/posizione-1-bassa-300x210.jpg 300w\" sizes=\"auto, (max-width: 700px) 100vw, 700px\" \/><\/figure>\n<\/figure>\n\n\n\n<p><strong>Anche in ambito estetico<\/strong>, nel contatto con la propria cliente, attraverso il tocco ed il massaggio (<a href=\"https:\/\/esteticadolce.it\/?page_id=236\" target=\"_blank\" rel=\"noopener\" title=\"\">leggi articolo &#8220;Il massaggio unisce l&#8217;uomo diviso&#8221;<\/a>) l&#8217;<strong>operatrice pu\u00f2 attingere a queste incredibili risorse per valorizzare e arricchire di significati il proprio lavoro in cabina.<\/strong><\/p>\n\n\n\n<p><a href=\"https:\/\/esteticadolce.it\/?page_id=338\" target=\"_blank\" rel=\"noopener\" title=\"\">Per saperne di pi\u00f9 leggi la nostra pagina &#8220;Biodinamica&#8221;.<\/a><\/p>\n\n\n\n<p>oppure vai sul sito <a href=\"http:\/\/www.essere-umano.it\" target=\"_blank\" rel=\"noopener\" title=\"\">www.essere-umano.it<\/a><\/p>\n\n\n\n<p>Per approfondimenti contattaci al 3455944521<\/p>\n","protected":false},"excerpt":{"rendered":"<p>Le intuizioni di Gianfranco Bianchi, fondatore dell&#8217;Ibisco Estetica dolce (vedi &#8220;per conoscerci&#8221; cliccando qui) erano all&#8217;avanguardia gi\u00e0 20 anni fa. Una delle discipline bio-naturali pi\u00f9 &hellip; <\/p>\n","protected":false},"author":1,"featured_media":1286,"comment_status":"open","ping_status":"open","sticky":false,"template":"","format":"standard","meta":{"om_disable_all_campaigns":false,"_monsterinsights_skip_tracking":false,"_monsterinsights_sitenote_active":false,"_monsterinsights_sitenote_note":"","_monsterinsights_sitenote_category":0,"footnotes":""},"categories":[1,24,26],"tags":[79,80,81],"class_list":["post-1285","post","type-post","status-publish","format-standard","has-post-thumbnail","hentry","category-uncategorized","category-energie-sottili","category-formazione","tag-biodinamica","tag-craniosacrale","tag-formazione"],"aioseo_notices":[],"jetpack_featured_media_url":"https:\/\/esteticadolce.it\/wp-content\/uploads\/2025\/10\/tocco-2.jpg","_links":{"self":[{"href":"https:\/\/esteticadolce.it\/index.php?rest_route=\/wp\/v2\/posts\/1285","targetHints":{"allow":["GET"]}}],"collection":[{"href":"https:\/\/esteticadolce.it\/index.php?rest_route=\/wp\/v2\/posts"}],"about":[{"href":"https:\/\/esteticadolce.it\/index.php?rest_route=\/wp\/v2\/types\/post"}],"author":[{"embeddable":true,"href":"https:\/\/esteticadolce.it\/index.php?rest_route=\/wp\/v2\/users\/1"}],"replies":[{"embeddable":true,"href":"https:\/\/esteticadolce.it\/index.php?rest_route=%2Fwp%2Fv2%2Fcomments&post=1285"}],"version-history":[{"count":2,"href":"https:\/\/esteticadolce.it\/index.php?rest_route=\/wp\/v2\/posts\/1285\/revisions"}],"predecessor-version":[{"id":1291,"href":"https:\/\/esteticadolce.it\/index.php?rest_route=\/wp\/v2\/posts\/1285\/revisions\/1291"}],"wp:featuredmedia":[{"embeddable":true,"href":"https:\/\/esteticadolce.it\/index.php?rest_route=\/wp\/v2\/media\/1286"}],"wp:attachment":[{"href":"https:\/\/esteticadolce.it\/index.php?rest_route=%2Fwp%2Fv2%2Fmedia&parent=1285"}],"wp:term":[{"taxonomy":"category","embeddable":true,"href":"https:\/\/esteticadolce.it\/index.php?rest_route=%2Fwp%2Fv2%2Fcategories&post=1285"},{"taxonomy":"post_tag","embeddable":true,"href":"https:\/\/esteticadolce.it\/index.php?rest_route=%2Fwp%2Fv2%2Ftags&post=1285"}],"curies":[{"name":"wp","href":"https:\/\/api.w.org\/{rel}","templated":true}]}}